{"id":3274,"date":"2024-11-07T14:23:39","date_gmt":"2024-11-07T13:23:39","guid":{"rendered":"https:\/\/proruralgalicia.org\/?p=3274"},"modified":"2024-11-07T18:06:07","modified_gmt":"2024-11-07T17:06:07","slug":"un-compromiso-con-galicia","status":"publish","type":"post","link":"https:\/\/proruralgalicia.org\/gl\/un-compromiso-con-galicia\/","title":{"rendered":"Un compromiso con Galicia"},"content":{"rendered":"<p>La creaci\u00f3n y puesta en marcha de la<strong> Asociaci\u00f3n para la Promoci\u00f3n y el Desarrollo del Medio Rural de Galicia- Prorural<\/strong>&#8211; obedece a un claro compromiso con Galicia de un grupo de empresarios y profesionales vinculados a actividades varias pero que todas tienen un fuerte vinculo con la tierra, el territorio rural de esta Galicia que amamos y que nos lo ha dado todo.<\/p><p>Un compromiso que hemos asumido desde la sociedad civil organizada en la Asociaci\u00f3n Prorural Galicia y que viene a plantear unos retos para el desarrollo sobre diagn\u00f3sticos de carencias y debilidades conocidas y estudiadas por muchos expertos, pero tambi\u00e9n con la idea de<strong> trabajar en positivo<\/strong> por aquello en lo que creemos, pues si las debilidades del Rural son evidentes tambi\u00e9n lo son sus fortalezas y sobre estas es precisamente sobre las que hay que trabajar, pues el futuro se construye sobre proyectos ilusionantes de personas con fuerte arraigo en los territorios.<\/p><p>Reivindicar las inversiones p\u00fablicas necesarias para poner a los ciudadanos del rural al mismo nivel de servicios que los de la ciudad es algo a lo que desde Prorural no renunciamos, aunque tambi\u00e9n hemos de reclamar los apoyos necesarios y las pol\u00edticas activas&nbsp; para los proyectos emprendedores que generen valor, empleo y bienestar, adem\u00e1s de no olvidarnos de consolidar el tejido empresarial existente, pues no podemos perder ni una sola empresa, ni un solo empleo que tenga posibilidades de desarrollarse en las comarcas rurales.<\/p><p>El mensaje hay que darlo en positivo, <em>\u00abel Rural de Galicia tiene futuro\u00bb<\/em>, el mensaje ha de ser ilusionante en cuanto a que el rural ofrece oportunidades para quienes quieren tener una vida y un trabajo en el futuro en un entorno privilegiado por la naturaleza, con materias primas para transformar en productos de calidad que lleguen a los mercados y permitan la expansi\u00f3n de las empresas, con un mensaje de que conseguir una vivienda donde crear y&nbsp; criar una familia no va a ser un \u00abcalvario\u00bb, pues habr\u00e1 un inventario de un parque de edificios rehabilitados o para rehabilitar donde los hijos puedan crecer. Un mensaje de que la calidad de vida del medio rural es muy superior al de la ciudad y para ello desde Prorural, no nos cansaremos de repetir que las oportunidades para un joven de rural tienen que ser las mismas que para uno de ciudad, no es de recibo que salir a la carrera de la vida y que unos tengan que hacerlo con los pies atados.<\/p><p>Y este compromiso con Galicia lo asumimos y defenderemos desde Prorural, adem\u00e1s para mi es un orgullo embarcarme en este proyecto con la misma ilusi\u00f3n que si tuviese muchos a\u00f1os menos, quiz\u00e1s sea este mi pen\u00faltimo compromiso vital con la sociedad a la que como empresario y personalmente tanto le debo, con el agradecimiento a los socios fundadores de Prorural y a todos los que se est\u00e1n sumando.<\/p><p>Gracias y adelante por el Rural de Galicia.<\/p><figure class=\"wp-block-image size-full is-resized\"><img fetchpriority=\"high\" decoding=\"async\" width=\"500\" height=\"651\" src=\"https:\/\/proruralgalicia.org\/wp-content\/uploads\/2024\/11\/1-Foto-JM-30x39.jpg\" alt=\"\" class=\"wp-image-3275 cmsmasters_img cmsmasters-lazyload lazyload\" style=\"width:164px;height:auto\" data-sizes=\"(max-width: 500px) 100vw, 500px\" data-src=\"https:\/\/proruralgalicia.org\/wp-content\/uploads\/2024\/11\/1-Foto-JM.jpg\" data-srcset=\"https:\/\/proruralgalicia.org\/wp-content\/uploads\/2024\/11\/1-Foto-JM.jpg 500w, https:\/\/proruralgalicia.org\/wp-content\/uploads\/2024\/11\/1-Foto-JM-230x300.jpg 230w, https:\/\/proruralgalicia.org\/wp-content\/uploads\/2024\/11\/1-Foto-JM-9x12.jpg 9w, https:\/\/proruralgalicia.org\/wp-content\/uploads\/2024\/11\/1-Foto-JM-30x39.jpg 30w, https:\/\/proruralgalicia.org\/wp-content\/uploads\/2024\/11\/1-Foto-JM-15x20.jpg 15w, https:\/\/proruralgalicia.org\/wp-content\/uploads\/2024\/11\/1-Foto-JM-8x10.jpg 8w\"><\/figure><p class=\"has-text-align-center\">Jos\u00e9 Mar\u00eda L\u00f3pez Bourio<br>Presidente Prorural Galicia<\/p><p><\/p>","protected":false},"excerpt":{"rendered":"<p>La creaci\u00f3n y puesta en marcha de la Asociaci\u00f3n para la Promoci\u00f3n y el Desarrollo del Medio Rural de Galicia- Prorural&#8211; obedece a un claro compromiso con Galicia de un grupo de empresarios y profesionales vinculados a actividades varias pero que todas tienen un fuerte vinculo con la tierra, el territorio rural de esta Galicia&#8230;<\/p>","protected":false},"author":2,"featured_media":3271,"comment_status":"closed","ping_status":"open","sticky":false,"template":"","format":"standard","meta":{"_acf_changed":false,"inline_featured_image":false,"footnotes":""},"categories":[1],"tags":[],"class_list":["post-3274","post","type-post","status-publish","format-standard","has-post-thumbnail","hentry","category-sin-categoria"],"acf":[],"_links":{"self":[{"href":"https:\/\/proruralgalicia.org\/gl\/wp-json\/wp\/v2\/posts\/3274","targetHints":{"allow":["GET"]}}],"collection":[{"href":"https:\/\/proruralgalicia.org\/gl\/wp-json\/wp\/v2\/posts"}],"about":[{"href":"https:\/\/proruralgalicia.org\/gl\/wp-json\/wp\/v2\/types\/post"}],"author":[{"embeddable":true,"href":"https:\/\/proruralgalicia.org\/gl\/wp-json\/wp\/v2\/users\/2"}],"replies":[{"embeddable":true,"href":"https:\/\/proruralgalicia.org\/gl\/wp-json\/wp\/v2\/comments?post=3274"}],"version-history":[{"count":2,"href":"https:\/\/proruralgalicia.org\/gl\/wp-json\/wp\/v2\/posts\/3274\/revisions"}],"predecessor-version":[{"id":3292,"href":"https:\/\/proruralgalicia.org\/gl\/wp-json\/wp\/v2\/posts\/3274\/revisions\/3292"}],"wp:featuredmedia":[{"embeddable":true,"href":"https:\/\/proruralgalicia.org\/gl\/wp-json\/wp\/v2\/media\/3271"}],"wp:attachment":[{"href":"https:\/\/proruralgalicia.org\/gl\/wp-json\/wp\/v2\/media?parent=3274"}],"wp:term":[{"taxonomy":"category","embeddable":true,"href":"https:\/\/proruralgalicia.org\/gl\/wp-json\/wp\/v2\/categories?post=3274"},{"taxonomy":"post_tag","embeddable":true,"href":"https:\/\/proruralgalicia.org\/gl\/wp-json\/wp\/v2\/tags?post=3274"}],"curies":[{"name":"wp","href":"https:\/\/api.w.org\/{rel}","templated":true}]}}