{"id":3295,"date":"2024-11-06T18:32:07","date_gmt":"2024-11-06T17:32:07","guid":{"rendered":"https:\/\/proruralgalicia.org\/?p=3295"},"modified":"2024-11-07T18:37:32","modified_gmt":"2024-11-07T17:37:32","slug":"tourgalia-grupo-empresarial-de-origen-rural","status":"publish","type":"post","link":"https:\/\/proruralgalicia.org\/gl\/tourgalia-grupo-empresarial-de-origen-rural\/","title":{"rendered":"Tourgalia, grupo empresarial de origen rural"},"content":{"rendered":"<p>El pasado 16 de octubre de 2024 hablamos con Juan Luis V\u00e1zquez CEO de Tourgalia, un peque\u00f1o grupo empresarial que tiene el objetivo de dar un impulso econ\u00f3mico y social y mantener las tradiciones en el campo gallego, a trav\u00e9s de sus marcas; desde la viticultura hasta los programas de inmersi\u00f3n ling\u00fc\u00edstica.<\/p><p>Desde Tourgalia, buscan garantizar un relevo generacional que asegure el futuro del territorio y por tanto revitalizar el patrimonio cultural y natural de la zona del Concello de Quiroga, generando un impacto positivo en el mismo.<\/p><h2 class=\"wp-block-heading\">De qu\u00e9 va este episodio<\/h2><p>Te lo contamos TODO aqu\u00ed en podcast: <a href=\"https:\/\/www.ivoox.com\/player_ej_135629183_6_1.html?c1=f35017\" target=\"_blank\" rel=\"noreferrer noopener\">https:\/\/www.ivoox.com\/player_ej_135629183_6_1.html?c1=f35017<\/a><\/p><p>Y aqu\u00ed en v\u00eddeo: <a href=\"https:\/\/www.youtube.com\/watch?v=gRfmvx71B0s\" target=\"_blank\" rel=\"noreferrer noopener\">https:\/\/www.youtube.com\/watch?v=gRfmvx71B0s<\/a><\/p><h3 class=\"wp-block-heading\">Aqu\u00ed tienes el \u00edndice que las preguntas que hicimos a Juan Lu\u00eds V\u00e1zquez:<\/h3><p><em>\u00bfC\u00f3mo llegaste a ser el CEO de tres empresas tan diferentes en el \u00e1mbito rural?<\/em><\/p><p><em>\u00bfQu\u00e9 te inspir\u00f3 a fundar Tourgalia y c\u00f3mo crees que esta empresa est\u00e1 contribuyendo al desarrollo rural en Galicia?&nbsp;<\/em><\/p><p><em>Peares es un centro de inmersi\u00f3n ling\u00fc\u00edstica. \u00bfC\u00f3mo surgi\u00f3 la idea de combinar el aprendizaje de idiomas con la vida rural y qu\u00e9 ventajas ofrece este modelo a los participantes?<\/em><\/p><p><em>La Ribeira Sacra es una regi\u00f3n famosa por sus vi\u00f1edos y bodegas. \u00bfQu\u00e9 te motiv\u00f3 a emprender en Casa de Outeiro y c\u00f3mo ha sido tu experiencia en el sector vin\u00edcola?<\/em><\/p><p><em>Manejar un grupo empresarial de origen rural debe tener sus propios desaf\u00edos y recompensas. \u00bfCu\u00e1l ha sido uno de los momentos m\u00e1s gratificantes de tu carrera hasta ahora?<\/em><\/p><p><em>M\u00e1s all\u00e1 de tus proyectos, \u00bfqu\u00e9 es lo que m\u00e1s disfrutas de vivir en Quiroga y c\u00f3mo influye este entorno en tu trabajo diario?<\/em><\/p><p><em>\u00bfPodr\u00edas compartir alguna an\u00e9cdota divertida o inspiradora que hayas vivido en alguno de tus emprendimientos?<\/em><\/p><p><em>En tu opini\u00f3n, \u00bfcu\u00e1les son las claves para que otros emprendedores puedan tener \u00e9xito en el \u00e1mbito rural? \u00bfQu\u00e9 le dir\u00edas a alguien que est\u00e1 pensando en emprender en el mundo rural, pero tiene dudas sobre dar el salto?<\/em><\/p><p><em>Mirando hacia el futuro, \u00bfqu\u00e9 nuevos proyectos o metas tienes para ti y tus empresas? \u00bfHay algo emocionante en el horizonte que nos puedas adelantar?<\/em><\/p><p>Fuente: <a href=\"https:\/\/mundoruralenpositivo.com\/tourgalia\/\" target=\"_blank\" rel=\"noreferrer noopener\">Mundo Rural en Positivo<\/a><\/p><p><\/p>","protected":false},"excerpt":{"rendered":"<p>El pasado 16 de octubre de 2024 hablamos con Juan Luis V\u00e1zquez CEO de Tourgalia, un peque\u00f1o grupo empresarial que tiene el objetivo de dar un impulso econ\u00f3mico y social y mantener las tradiciones en el campo gallego, a trav\u00e9s de sus marcas; desde la viticultura hasta los programas de inmersi\u00f3n ling\u00fc\u00edstica. Desde Tourgalia, buscan&#8230;<\/p>","protected":false},"author":2,"featured_media":3298,"comment_status":"closed","ping_status":"open","sticky":false,"template":"","format":"standard","meta":{"_acf_changed":false,"inline_featured_image":false,"footnotes":""},"categories":[1],"tags":[],"class_list":["post-3295","post","type-post","status-publish","format-standard","has-post-thumbnail","hentry","category-sin-categoria"],"acf":[],"_links":{"self":[{"href":"https:\/\/proruralgalicia.org\/gl\/wp-json\/wp\/v2\/posts\/3295","targetHints":{"allow":["GET"]}}],"collection":[{"href":"https:\/\/proruralgalicia.org\/gl\/wp-json\/wp\/v2\/posts"}],"about":[{"href":"https:\/\/proruralgalicia.org\/gl\/wp-json\/wp\/v2\/types\/post"}],"author":[{"embeddable":true,"href":"https:\/\/proruralgalicia.org\/gl\/wp-json\/wp\/v2\/users\/2"}],"replies":[{"embeddable":true,"href":"https:\/\/proruralgalicia.org\/gl\/wp-json\/wp\/v2\/comments?post=3295"}],"version-history":[{"count":3,"href":"https:\/\/proruralgalicia.org\/gl\/wp-json\/wp\/v2\/posts\/3295\/revisions"}],"predecessor-version":[{"id":3303,"href":"https:\/\/proruralgalicia.org\/gl\/wp-json\/wp\/v2\/posts\/3295\/revisions\/3303"}],"wp:featuredmedia":[{"embeddable":true,"href":"https:\/\/proruralgalicia.org\/gl\/wp-json\/wp\/v2\/media\/3298"}],"wp:attachment":[{"href":"https:\/\/proruralgalicia.org\/gl\/wp-json\/wp\/v2\/media?parent=3295"}],"wp:term":[{"taxonomy":"category","embeddable":true,"href":"https:\/\/proruralgalicia.org\/gl\/wp-json\/wp\/v2\/categories?post=3295"},{"taxonomy":"post_tag","embeddable":true,"href":"https:\/\/proruralgalicia.org\/gl\/wp-json\/wp\/v2\/tags?post=3295"}],"curies":[{"name":"wp","href":"https:\/\/api.w.org\/{rel}","templated":true}]}}