{"id":3304,"date":"2024-11-06T18:41:16","date_gmt":"2024-11-06T17:41:16","guid":{"rendered":"https:\/\/proruralgalicia.org\/?p=3304"},"modified":"2024-11-07T18:41:28","modified_gmt":"2024-11-07T17:41:28","slug":"la-hosteleria-de-ferrolterra-saborea-la-ribeira-sacra","status":"publish","type":"post","link":"https:\/\/proruralgalicia.org\/gl\/la-hosteleria-de-ferrolterra-saborea-la-ribeira-sacra\/","title":{"rendered":"La hosteler\u00eda de Ferrolterra saborea la Ribeira Sacra"},"content":{"rendered":"<p>La sala Curuxeiras en el puerto de Ferrol sirvi\u00f3 de marco este lunes para una sesi\u00f3n de cata organizada por la distribuidora de vinos Almacenes Orense, dirigida por Luis Ramos. En el transcurso del acto, que cont\u00f3 con una nutrida representaci\u00f3n de profesionales de la hosteler\u00eda de Ferrolterra, los asistentes tuvieron la ocasi\u00f3n de degustar siete caldos de la denominaci\u00f3n Ribeira Sacra producidos por Bodegas y Vi\u00f1edos Casa de Outeiro. La firma vitivin\u00edcola fue fundada en 2019 por Juan Luis V\u00e1zquez y Noem\u00ed \u00c1lvarez, en Quiroga (Lugo). All\u00ed cuentan con parcelas con diferentes tipos de suelo y orientaciones que les permiten elaborar vinos con perfiles muy diferentes. En la cata del lunes presentaron siete elaboraciones, un godello blanco y seis tintos menc\u00eda. <\/p><p>La cata fue presentada por Juan Luis V\u00e1zquez y el en\u00f3logo de las bodegas, David Pascual, que explicaron las caracter\u00edsticas de cada uno de los vinos, desde el fresco Godello Origen 2023 hasta el top de la gama denominado Hist\u00f3rico 2020, un menc\u00eda cien por cien, elaborado en barrica, en un recorrido por una gama de vinos, elegantes, estructurados y producidos en una de las cinco subzonas de la Denominaci\u00f3n de Origen Ribeira Sacra, la de Quiroga-Bibei.<\/p><p>Fuente: <a href=\"https:\/\/www.lavozdegalicia.es\/noticia\/ferrol\/ferrol\/2024\/11\/06\/hosteleria-ferrolterra-saborea-ribeira-sacra\/0003_202411F6C8991.htm\" data-type=\"link\" data-id=\"https:\/\/www.lavozdegalicia.es\/noticia\/ferrol\/ferrol\/2024\/11\/06\/hosteleria-ferrolterra-saborea-ribeira-sacra\/0003_202411F6C8991.htm\" target=\"_blank\" rel=\"noreferrer noopener\">La Voz de Galicia<\/a><\/p><p><\/p>","protected":false},"excerpt":{"rendered":"<p>La sala Curuxeiras en el puerto de Ferrol sirvi\u00f3 de marco este lunes para una sesi\u00f3n de cata organizada por la distribuidora de vinos Almacenes Orense, dirigida por Luis Ramos. En el transcurso del acto, que cont\u00f3 con una nutrida representaci\u00f3n de profesionales de la hosteler\u00eda de Ferrolterra, los asistentes tuvieron la ocasi\u00f3n de degustar&#8230;<\/p>","protected":false},"author":2,"featured_media":3305,"comment_status":"closed","ping_status":"open","sticky":false,"template":"","format":"standard","meta":{"_acf_changed":false,"inline_featured_image":false,"footnotes":""},"categories":[1],"tags":[],"class_list":["post-3304","post","type-post","status-publish","format-standard","has-post-thumbnail","hentry","category-sin-categoria"],"acf":[],"_links":{"self":[{"href":"https:\/\/proruralgalicia.org\/gl\/wp-json\/wp\/v2\/posts\/3304","targetHints":{"allow":["GET"]}}],"collection":[{"href":"https:\/\/proruralgalicia.org\/gl\/wp-json\/wp\/v2\/posts"}],"about":[{"href":"https:\/\/proruralgalicia.org\/gl\/wp-json\/wp\/v2\/types\/post"}],"author":[{"embeddable":true,"href":"https:\/\/proruralgalicia.org\/gl\/wp-json\/wp\/v2\/users\/2"}],"replies":[{"embeddable":true,"href":"https:\/\/proruralgalicia.org\/gl\/wp-json\/wp\/v2\/comments?post=3304"}],"version-history":[{"count":1,"href":"https:\/\/proruralgalicia.org\/gl\/wp-json\/wp\/v2\/posts\/3304\/revisions"}],"predecessor-version":[{"id":3306,"href":"https:\/\/proruralgalicia.org\/gl\/wp-json\/wp\/v2\/posts\/3304\/revisions\/3306"}],"wp:featuredmedia":[{"embeddable":true,"href":"https:\/\/proruralgalicia.org\/gl\/wp-json\/wp\/v2\/media\/3305"}],"wp:attachment":[{"href":"https:\/\/proruralgalicia.org\/gl\/wp-json\/wp\/v2\/media?parent=3304"}],"wp:term":[{"taxonomy":"category","embeddable":true,"href":"https:\/\/proruralgalicia.org\/gl\/wp-json\/wp\/v2\/categories?post=3304"},{"taxonomy":"post_tag","embeddable":true,"href":"https:\/\/proruralgalicia.org\/gl\/wp-json\/wp\/v2\/tags?post=3304"}],"curies":[{"name":"wp","href":"https:\/\/api.w.org\/{rel}","templated":true}]}}