{"id":3308,"date":"2024-11-08T16:51:51","date_gmt":"2024-11-08T15:51:51","guid":{"rendered":"https:\/\/proruralgalicia.org\/?p=3308"},"modified":"2024-11-08T16:52:40","modified_gmt":"2024-11-08T15:52:40","slug":"medio-rural-conece-os-proxectos-da-asociacion-prorural-galicia-para-impulsar-o-desenvolvemento-economico-das-contornas-rurais","status":"publish","type":"post","link":"https:\/\/proruralgalicia.org\/gl\/medio-rural-conece-os-proxectos-da-asociacion-prorural-galicia-para-impulsar-o-desenvolvemento-economico-das-contornas-rurais\/","title":{"rendered":"Prorural Galicia presenta os seus proxectos a Medio Rural"},"content":{"rendered":"<p>A conselleira do Medio Rural, Mar\u00eda Jos\u00e9 G\u00f3mez, mantivo esta ma\u00f1\u00e1 unha reuni\u00f3n de traballo con representantes da asociaci\u00f3n Prorural Galicia. A titular do departamento puido co\u00f1ecer os proxectos que leva a cabo esta organizaci\u00f3n, centrados na promoci\u00f3n econ\u00f3mica das contornas rurais da nosa comunidade.<\/p><p>Ademais, valorou positivamente a iniciativa dos Premios Prorural Galicia, impulsados por esta asociaci\u00f3n, como unha boa oportunidade para dar visibilidade aos proxectos de desenvolvemento econ\u00f3mico que te\u00f1en ao medio rural como protagonista.<\/p><p>Fuente: <a href=\"https:\/\/www.xunta.gal\/notas-de-prensa\/-\/nova\/007029\/medio-rural-conece-proxectos-asociacion-prorural-galicia-para-impulsar-desenvolvemento\" data-type=\"link\" data-id=\"https:\/\/www.xunta.gal\/notas-de-prensa\/-\/nova\/007029\/medio-rural-conece-proxectos-asociacion-prorural-galicia-para-impulsar-desenvolvemento\" target=\"_blank\" rel=\"noreferrer noopener\">Xunta de Galicia<\/a><\/p>","protected":false},"excerpt":{"rendered":"<p>A conselleira do Medio Rural, Mar\u00eda Jos\u00e9 G\u00f3mez, mantivo esta ma\u00f1\u00e1 unha reuni\u00f3n de traballo con representantes da asociaci\u00f3n Prorural Galicia. A titular do departamento puido co\u00f1ecer os proxectos que leva a cabo esta organizaci\u00f3n, centrados na promoci\u00f3n econ\u00f3mica das contornas rurais da nosa comunidade. Ademais, valorou positivamente a iniciativa dos Premios Prorural Galicia, impulsados&#8230;<\/p>","protected":false},"author":2,"featured_media":3309,"comment_status":"closed","ping_status":"open","sticky":false,"template":"","format":"standard","meta":{"_acf_changed":false,"inline_featured_image":false,"footnotes":""},"categories":[1],"tags":[],"class_list":["post-3308","post","type-post","status-publish","format-standard","has-post-thumbnail","hentry","category-sin-categoria"],"acf":[],"_links":{"self":[{"href":"https:\/\/proruralgalicia.org\/gl\/wp-json\/wp\/v2\/posts\/3308","targetHints":{"allow":["GET"]}}],"collection":[{"href":"https:\/\/proruralgalicia.org\/gl\/wp-json\/wp\/v2\/posts"}],"about":[{"href":"https:\/\/proruralgalicia.org\/gl\/wp-json\/wp\/v2\/types\/post"}],"author":[{"embeddable":true,"href":"https:\/\/proruralgalicia.org\/gl\/wp-json\/wp\/v2\/users\/2"}],"replies":[{"embeddable":true,"href":"https:\/\/proruralgalicia.org\/gl\/wp-json\/wp\/v2\/comments?post=3308"}],"version-history":[{"count":2,"href":"https:\/\/proruralgalicia.org\/gl\/wp-json\/wp\/v2\/posts\/3308\/revisions"}],"predecessor-version":[{"id":3311,"href":"https:\/\/proruralgalicia.org\/gl\/wp-json\/wp\/v2\/posts\/3308\/revisions\/3311"}],"wp:featuredmedia":[{"embeddable":true,"href":"https:\/\/proruralgalicia.org\/gl\/wp-json\/wp\/v2\/media\/3309"}],"wp:attachment":[{"href":"https:\/\/proruralgalicia.org\/gl\/wp-json\/wp\/v2\/media?parent=3308"}],"wp:term":[{"taxonomy":"category","embeddable":true,"href":"https:\/\/proruralgalicia.org\/gl\/wp-json\/wp\/v2\/categories?post=3308"},{"taxonomy":"post_tag","embeddable":true,"href":"https:\/\/proruralgalicia.org\/gl\/wp-json\/wp\/v2\/tags?post=3308"}],"curies":[{"name":"wp","href":"https:\/\/api.w.org\/{rel}","templated":true}]}}