{"id":3321,"date":"2024-12-06T20:57:41","date_gmt":"2024-12-06T19:57:41","guid":{"rendered":"https:\/\/proruralgalicia.org\/?p=3321"},"modified":"2024-12-06T20:57:43","modified_gmt":"2024-12-06T19:57:43","slug":"airinos-gastro-estamos-en-el-centro-gallego-de-madrid","status":"publish","type":"post","link":"https:\/\/proruralgalicia.org\/gl\/airinos-gastro-estamos-en-el-centro-gallego-de-madrid\/","title":{"rendered":"Airi\u00f1os Gastro estamos en el Centro Gallego de Madrid"},"content":{"rendered":"<p>Desde el espacio gastron\u00f3mico AIRI\u00d1OS GASTRO ubicado en el hist\u00f3rico CENTRO GALLEGO DE MADRID queremos informaros de que, aparte de la actividad socio-cultural que el Centro Gallego desarrolla desde hace m\u00e1s de 130 a\u00f1os, se ha apostado por una reforma integral del espacio gastron\u00f3mico donde podr\u00e1s disfrutar de la gastronom\u00eda tradicional de Galicia con la gran cocinera de Lugo- Victoria Maseda- en un remanso de paz dentro del bullicio del centro de Madrid, que agradecemos teng\u00e1is en cuenta en los viajes a la capital de Espa\u00f1a y\/o en la presentaci\u00f3n de cualquier tipo de Acto de Promoci\u00f3n Institucional .<\/p><p>Para poder conocerlo mejor, os pasamos informaci\u00f3n:<\/p><p>\u2022 La web <a href=\"http:\/\/www.airinosgastro.com\" data-type=\"link\" data-id=\"www.airinosgastro.com\" target=\"_blank\" rel=\"noreferrer noopener\">www.airinosgastro.com<\/a> En este espacio singular y muy gallego podemos colaborar en la organizaci\u00f3n de comidas, degustaciones, presentaciones, turismo, cultura, empresas, catering.<br>\u2022 El video de la inauguraci\u00f3n <a href=\"https:\/\/youtu.be\/BFQ3U0Et4HQ?si=dvlR4UPNNJIvFPWh\" target=\"_blank\" rel=\"noreferrer noopener\">https:\/\/youtu.be\/BFQ3U0Et4HQ?si=dvlR4UPNNJIvFPWh<\/a> que muestra las instalaciones y la actividad<br>\u2022 Nuestra ubicaci\u00f3n <a href=\"https:\/\/maps.app.goo.gl\/Xvt8KBjAb3zLJa2c6\" target=\"_blank\" rel=\"noreferrer noopener\">https:\/\/maps.app.goo.gl\/Xvt8KBjAb3zLJa2c6<\/a> en pleno centro de Madrid, detr\u00e1s de la Puerta del Sol<\/p><p>Tambien apoyamos el emprendimiento y a las empresas gallegas en su actividad en Madrid, para ello hemos puesto en marcha un coworking donde tenemos a disposici\u00f3n espacios con equipos inform\u00e1ticos, despachos, salas de reuniones para desarrollar actividades que ayuden a la promoci\u00f3n de las empresas de Galicia cuando tengan reuniones o presentaciones en Madrid. M\u00e1s informaci\u00f3n en <a href=\"http:\/\/www.comadrigallego.com\" data-type=\"link\" data-id=\"www.comadrigallego.com\" target=\"_blank\" rel=\"noreferrer noopener\">www.comadrigallego.com<\/a><\/p><p><\/p>","protected":false},"excerpt":{"rendered":"<p>Desde el espacio gastron\u00f3mico AIRI\u00d1OS GASTRO ubicado en el hist\u00f3rico CENTRO GALLEGO DE MADRID queremos informaros de que, aparte de la actividad socio-cultural que el Centro Gallego desarrolla desde hace m\u00e1s de 130 a\u00f1os, se ha apostado por una reforma integral del espacio gastron\u00f3mico donde podr\u00e1s disfrutar de la gastronom\u00eda tradicional de Galicia con la&#8230;<\/p>","protected":false},"author":2,"featured_media":3322,"comment_status":"closed","ping_status":"open","sticky":false,"template":"","format":"standard","meta":{"_acf_changed":false,"inline_featured_image":false,"footnotes":""},"categories":[1],"tags":[],"class_list":["post-3321","post","type-post","status-publish","format-standard","has-post-thumbnail","hentry","category-sin-categoria"],"acf":[],"_links":{"self":[{"href":"https:\/\/proruralgalicia.org\/gl\/wp-json\/wp\/v2\/posts\/3321","targetHints":{"allow":["GET"]}}],"collection":[{"href":"https:\/\/proruralgalicia.org\/gl\/wp-json\/wp\/v2\/posts"}],"about":[{"href":"https:\/\/proruralgalicia.org\/gl\/wp-json\/wp\/v2\/types\/post"}],"author":[{"embeddable":true,"href":"https:\/\/proruralgalicia.org\/gl\/wp-json\/wp\/v2\/users\/2"}],"replies":[{"embeddable":true,"href":"https:\/\/proruralgalicia.org\/gl\/wp-json\/wp\/v2\/comments?post=3321"}],"version-history":[{"count":1,"href":"https:\/\/proruralgalicia.org\/gl\/wp-json\/wp\/v2\/posts\/3321\/revisions"}],"predecessor-version":[{"id":3323,"href":"https:\/\/proruralgalicia.org\/gl\/wp-json\/wp\/v2\/posts\/3321\/revisions\/3323"}],"wp:featuredmedia":[{"embeddable":true,"href":"https:\/\/proruralgalicia.org\/gl\/wp-json\/wp\/v2\/media\/3322"}],"wp:attachment":[{"href":"https:\/\/proruralgalicia.org\/gl\/wp-json\/wp\/v2\/media?parent=3321"}],"wp:term":[{"taxonomy":"category","embeddable":true,"href":"https:\/\/proruralgalicia.org\/gl\/wp-json\/wp\/v2\/categories?post=3321"},{"taxonomy":"post_tag","embeddable":true,"href":"https:\/\/proruralgalicia.org\/gl\/wp-json\/wp\/v2\/tags?post=3321"}],"curies":[{"name":"wp","href":"https:\/\/api.w.org\/{rel}","templated":true}]}}