{"id":3365,"date":"2025-04-01T18:38:54","date_gmt":"2025-04-01T16:38:54","guid":{"rendered":"https:\/\/proruralgalicia.org\/?p=3365"},"modified":"2025-04-01T18:38:56","modified_gmt":"2025-04-01T16:38:56","slug":"presentado-el-proyecto-del-puente-colgante-de-campodola-sin-columnas-y-casi-inapreciable","status":"publish","type":"post","link":"https:\/\/proruralgalicia.org\/gl\/presentado-el-proyecto-del-puente-colgante-de-campodola-sin-columnas-y-casi-inapreciable\/","title":{"rendered":"Presentado el proyecto del puente colgante de Campodola: sin columnas y casi inapreciable"},"content":{"rendered":"<p>El proyecto de construcci\u00f3n de un <strong>puente colgante<\/strong> <strong>en Campodola<\/strong> fue presentado este fin de semana en <a target=\"_blank\" href=\"https:\/\/www.elprogreso.es\/tags\/quiroga\/\" rel=\"noreferrer noopener\"><strong>Quiroga<\/strong><\/a> en una abarrotada casa de la cultura. El equipo redactor expuso detalles del plan, que propone una infraestructura <strong>\u00absin columnas en la cabecera\u00bb e \u00abinapreciable en el paisaje\u00bb.<\/strong><\/p><p>El grupo de trabajo encargado del dise\u00f1o est\u00e1 compuesto por profesores e investigadores del Centro de Innovaci\u00f3n Tecnol\u00f3xica en Edificaci\u00f3n e Enxe\u00f1er\u00eda Civil (Citeec) de la <strong>Universidad de A Coru\u00f1a<\/strong>, quienes incidieron en la integraci\u00f3n del puente con el entorno, con una visibilidad reducida casi al m\u00ednimo a distancia.<\/p><p>El gobierno local, por su parte, habl\u00f3 de los pasos dados hasta la fecha, entre los que se encuentran <strong>contactos institucionales y un plan de trabajo<\/strong> a seguir hasta <strong>2028<\/strong>, que incluye tramitaci\u00f3n ambiental, la redacci\u00f3n del proyecto y la futura licitaci\u00f3n. Adem\u00e1s, intervino la ingenier\u00eda c\u00e1ntabra SPC para asegurar que cuatro empresas privadas han manifestado por escrito su inter\u00e9s en<strong> financiar y explotar la infraestructura.<\/strong><\/p><p>Los promotores del puente hablaron de casos similares en entornos naturales protegidos. Es el caso del puente de <strong>Pe\u00f1arrubia (Cantabria),<\/strong> pendiente de construirse, o&nbsp;los ya existentes de <strong>Los Alpes o Andorra.<\/strong> Destacaron su \u00abimpacto positivo\u00bb tanto en lo econ\u00f3mico como en lo social.<\/p><p>Otra de las cuestiones a estudiar abord\u00f3 la concentraci\u00f3n en <strong>pocos kil\u00f3metros<\/strong> alrededor de la ubicaci\u00f3n del puente del <strong>plegamiento<\/strong> de Campodola, accesos por carretera, un castro sin excavar, aldeas, cascadas, zonas para la pr\u00e1ctica de barranquismo y otros puntos de inter\u00e9s diverso. La alternativa se completa con la habilitaci\u00f3n de buses lanzadera desde Quiroga, <strong>Folgoso do Courel y Ribas de Sil.<\/strong><\/p><h2 class=\"wp-block-heading\">Valoraciones&nbsp;<\/h2><p><strong>Juan Luis V\u00e1zquez<\/strong> es miembro del grupo de trabajo y anunci\u00f3 que el proyecto ya ha sido presentado a diversas direcciones sectoriales de la <strong>Xunta.<\/strong> Tambi\u00e9n habl\u00f3 de generar una ruta circular interpretativa en torno a Campodola-Leixaz\u00f3s.<\/p><p>Tomaron la palabra el <strong>alcalde de Quiroga, Jos\u00e9 Luis Rivera<\/strong>, y el presidente del <a target=\"_blank\" href=\"https:\/\/www.elprogreso.es\/tags\/geoparque\/\" rel=\"noreferrer noopener\"><strong>geoparque Monta\u00f1as do Courel<\/strong><\/a>,<strong> Roberto Castro, <\/strong>quien apunt\u00f3 que no se puede descartar \u00abninguna iniciativa que nos permita mantener la esperanza de salir adelante y tener en nuestro territorio un futuro mejor\u00bb.<\/p><p>Fuente: El <a href=\"https:\/\/www.elprogreso.es\/articulo\/ribeira-sacra\/presentado-proyecto-puente-colgante-campodola-columnas-casi-inapreciable\/202503231841221860697.html\" data-type=\"link\" data-id=\"https:\/\/www.elprogreso.es\/articulo\/ribeira-sacra\/presentado-proyecto-puente-colgante-campodola-columnas-casi-inapreciable\/202503231841221860697.html\" target=\"_blank\" rel=\"noreferrer noopener\">Progreso<\/a><\/p><p><\/p>","protected":false},"excerpt":{"rendered":"<p>El proyecto de construcci\u00f3n de un puente colgante en Campodola fue presentado este fin de semana en Quiroga en una abarrotada casa de la cultura. El equipo redactor expuso detalles del plan, que propone una infraestructura \u00absin columnas en la cabecera\u00bb e \u00abinapreciable en el paisaje\u00bb. El grupo de trabajo encargado del dise\u00f1o est\u00e1 compuesto&#8230;<\/p>","protected":false},"author":2,"featured_media":3366,"comment_status":"closed","ping_status":"open","sticky":false,"template":"","format":"standard","meta":{"_acf_changed":false,"inline_featured_image":false,"footnotes":""},"categories":[1],"tags":[],"class_list":["post-3365","post","type-post","status-publish","format-standard","has-post-thumbnail","hentry","category-sin-categoria"],"acf":[],"_links":{"self":[{"href":"https:\/\/proruralgalicia.org\/gl\/wp-json\/wp\/v2\/posts\/3365","targetHints":{"allow":["GET"]}}],"collection":[{"href":"https:\/\/proruralgalicia.org\/gl\/wp-json\/wp\/v2\/posts"}],"about":[{"href":"https:\/\/proruralgalicia.org\/gl\/wp-json\/wp\/v2\/types\/post"}],"author":[{"embeddable":true,"href":"https:\/\/proruralgalicia.org\/gl\/wp-json\/wp\/v2\/users\/2"}],"replies":[{"embeddable":true,"href":"https:\/\/proruralgalicia.org\/gl\/wp-json\/wp\/v2\/comments?post=3365"}],"version-history":[{"count":1,"href":"https:\/\/proruralgalicia.org\/gl\/wp-json\/wp\/v2\/posts\/3365\/revisions"}],"predecessor-version":[{"id":3367,"href":"https:\/\/proruralgalicia.org\/gl\/wp-json\/wp\/v2\/posts\/3365\/revisions\/3367"}],"wp:featuredmedia":[{"embeddable":true,"href":"https:\/\/proruralgalicia.org\/gl\/wp-json\/wp\/v2\/media\/3366"}],"wp:attachment":[{"href":"https:\/\/proruralgalicia.org\/gl\/wp-json\/wp\/v2\/media?parent=3365"}],"wp:term":[{"taxonomy":"category","embeddable":true,"href":"https:\/\/proruralgalicia.org\/gl\/wp-json\/wp\/v2\/categories?post=3365"},{"taxonomy":"post_tag","embeddable":true,"href":"https:\/\/proruralgalicia.org\/gl\/wp-json\/wp\/v2\/tags?post=3365"}],"curies":[{"name":"wp","href":"https:\/\/api.w.org\/{rel}","templated":true}]}}