{"id":3369,"date":"2025-04-13T16:57:33","date_gmt":"2025-04-13T14:57:33","guid":{"rendered":"https:\/\/proruralgalicia.org\/?p=3369"},"modified":"2025-04-14T16:58:58","modified_gmt":"2025-04-14T14:58:58","slug":"el-exodo-del-rural-avanza-imparable-en-galicia-vacio-en-un-ano-32-aldeas","status":"publish","type":"post","link":"https:\/\/proruralgalicia.org\/gl\/el-exodo-del-rural-avanza-imparable-en-galicia-vacio-en-un-ano-32-aldeas\/","title":{"rendered":"El \u00e9xodo del rural avanza imparable en Galicia: vaci\u00f3 en un a\u00f1o 32 aldeas"},"content":{"rendered":"<p>Dos tendencias sociol\u00f3gicas asentadas desde hace a\u00f1os en Galicia, como son la ca\u00edda de la natalidad y el \u00e9xodo de poblaci\u00f3n del rural hacia entornos urbanos, alimentan la tormenta perfecta para el abandono de aldeas. Que los n\u00facleos de poblaci\u00f3n queden vac\u00edos es una de las m\u00faltiples manifestaciones del invierno demogr\u00e1fico que vive la comunidad. Quiz\u00e1s no sea la consecuencia m\u00e1s grave, porque muchas veces tiene m\u00e1s impacto sentimental que econ\u00f3mico, pero es indicativa de una realidad imparable. El a\u00f1o pasado, Galicia perdi\u00f3 otras 32 aldeas, superando por primera vez la barrera de las 1.900 sin un solo vecino. En concreto, son 1.912.<\/p><p>Esta cifra, seg\u00fan el Nomencl\u00e1tor publicado ayer por el Instituto Nacional de Estad\u00edstica (INE), representa m\u00e1s de la mitad de las 3.676 aldeas abandonadas de Espa\u00f1a, algo casi normal teniendo en cuenta que los 30.486 n\u00facleos gallegos representan pr\u00e1cticamente el 50% de los poco m\u00e1s de 62.000 de todo el pa\u00eds.<\/p><p>Pero lo m\u00e1s relevante esta vez no est\u00e1 en los n\u00fameros en s\u00ed, sino en la tendencia, porque Galicia vuelve a perder n\u00facleos de poblaci\u00f3n cuando un a\u00f1o antes hab\u00eda conseguido revertir esa situaci\u00f3n, al repoblar 15 aldeas y pasar de 1.895 abandonadas a 1.880. Un a\u00f1o antes, entre 2021 y 2022, se hab\u00edan vaciado, pero a menor ritmo, lo que reforzaba la teor\u00eda de que la pandemia hab\u00eda empujado a muchos gallegos a mirar de nuevo hacia el rural. Pero ahora, la estad\u00edstica certifica que, aunque ese pueda ser un comportamiento puntual en algunos puntos pr\u00f3ximos a las ciudades, lo de 2023 fue un espejismo. El \u00e9xodo del rural contin\u00faa.<\/p><p><strong>Pontevedra es la excepci\u00f3n<\/strong><\/p><p>Galicia perdi\u00f3 32 aldeas en su conjunto en un a\u00f1o. De las 1.912 en las que ya no queda ni un vecino, la mayor\u00eda se concentran en las provincias del norte. La mitad est\u00e1 en Lugo, 911, lo que supone 22 vac\u00edas m\u00e1s que un a\u00f1o atr\u00e1s; y en A Coru\u00f1a son 671, diez m\u00e1s.<\/p><p>En el sur, Ourense solo perdi\u00f3 una aldea, pasando de 157 a 158; que se compens\u00f3 precisamente en Pontevedra, la excepci\u00f3n gallega que no solo no vaci\u00f3 ni un n\u00facleo de poblaci\u00f3n sino que gan\u00f3 uno: ten\u00eda 173 sin vecinos y en 2024 el INE contabiliza 172. A Ca\u00f1iza, el concello pontevedr\u00e9s con m\u00e1s n\u00facleos desiertos, pas\u00f3 de 32 a 29. Y tambi\u00e9n se repoblaron aldeas en O Porri\u00f1o (de 4 a 2 vac\u00edas) y Cerdedo-Cotobade (de 4 a 3). Por contra, perdieron poblaciones municipios como Crecente, A Estrada, Agolada y Lal\u00edn.<\/p><p>Esta diferencia entre el norte y el sur de la comunidad responde a diferentes causas, algunas vinculadas al desarrollo de infraestructuras o a la proximidad a polos de dinamismo econ\u00f3mico. Pero tambi\u00e9n tienen un fondo sociol\u00f3gico, ya que en Ourense, como ocurre por ejemplo en Castilla y Le\u00f3n, las entidades de poblaci\u00f3n tienden a agrupar m\u00e1s casas y formar aldeas m\u00e1s concentradas; y a m\u00e1s casas, m\u00e1s probabilidad matem\u00e1tica de que alguna est\u00e9 habitada. En A Coru\u00f1a y de forma especial en Lugo el rural est\u00e1 conformado de forma muy diferente, con una enorme dispersi\u00f3n y aldeas integradas por dos o tres casas, lo que facilita que se vac\u00eden.<\/p><p>Si se mezcla la dispersi\u00f3n poblacional y el aislamiento por falta de infraestructuras, el c\u00f3ctel resultante se llama Ortegal. Esta comarca del norte coru\u00f1\u00e9s, junto con la vecina de Eume y el interior de A Mari\u00f1a Occidental, constituye el aut\u00e9ntico agujero negro del abandono rural en Galicia.<\/p><p><a href=\"https:\/\/www.laopinioncoruna.es\/tags\/ortigueira\/\">Ortigueira<\/a> tiene casi tantas aldeas abandonadas (124) como todo Ourense, y si se suma el vecino As Pontes (87), m\u00e1s. Ese \u00e9xodo rural tiene continuidad geogr\u00e1fica en Muras, Ourol y Viveiro, todos lim\u00edtrofes entre s\u00ed, una realidad que adem\u00e1s avanza imparable hacia el interior de A Mari\u00f1a, por O Valadouro. Tambi\u00e9n se enmarcan en esa \u00e1rea O Vicedo, As Somozas o incluso San Sadurni\u00f1o.<\/p><p>En Lugo, la Ribeira Sacra y la Monta\u00f1a tambi\u00e9n cierran aldeas, mientras que A Ca\u00f1iza (29), Pontevedra (21) y A Estrada (11) son los peor parados en el sur.<\/p><p>Fuente: <a href=\"https:\/\/www.laopinioncoruna.es\/galicia\/2025\/04\/11\/exodo-rural-avanza-imparable-galicia-116273894.html\" data-type=\"link\" data-id=\"https:\/\/www.laopinioncoruna.es\/galicia\/2025\/04\/11\/exodo-rural-avanza-imparable-galicia-116273894.html\" target=\"_blank\" rel=\"noreferrer noopener\">La Opini\u00f3n Coru\u00f1a<\/a><\/p>","protected":false},"excerpt":{"rendered":"<p>Dos tendencias sociol\u00f3gicas asentadas desde hace a\u00f1os en Galicia, como son la ca\u00edda de la natalidad y el \u00e9xodo de poblaci\u00f3n del rural hacia entornos urbanos, alimentan la tormenta perfecta para el abandono de aldeas. Que los n\u00facleos de poblaci\u00f3n queden vac\u00edos es una de las m\u00faltiples manifestaciones del invierno demogr\u00e1fico que vive la comunidad&#8230;.<\/p>","protected":false},"author":2,"featured_media":3370,"comment_status":"closed","ping_status":"open","sticky":false,"template":"","format":"standard","meta":{"_acf_changed":false,"inline_featured_image":false,"footnotes":""},"categories":[1],"tags":[],"class_list":["post-3369","post","type-post","status-publish","format-standard","has-post-thumbnail","hentry","category-sin-categoria"],"acf":[],"_links":{"self":[{"href":"https:\/\/proruralgalicia.org\/gl\/wp-json\/wp\/v2\/posts\/3369","targetHints":{"allow":["GET"]}}],"collection":[{"href":"https:\/\/proruralgalicia.org\/gl\/wp-json\/wp\/v2\/posts"}],"about":[{"href":"https:\/\/proruralgalicia.org\/gl\/wp-json\/wp\/v2\/types\/post"}],"author":[{"embeddable":true,"href":"https:\/\/proruralgalicia.org\/gl\/wp-json\/wp\/v2\/users\/2"}],"replies":[{"embeddable":true,"href":"https:\/\/proruralgalicia.org\/gl\/wp-json\/wp\/v2\/comments?post=3369"}],"version-history":[{"count":1,"href":"https:\/\/proruralgalicia.org\/gl\/wp-json\/wp\/v2\/posts\/3369\/revisions"}],"predecessor-version":[{"id":3371,"href":"https:\/\/proruralgalicia.org\/gl\/wp-json\/wp\/v2\/posts\/3369\/revisions\/3371"}],"wp:featuredmedia":[{"embeddable":true,"href":"https:\/\/proruralgalicia.org\/gl\/wp-json\/wp\/v2\/media\/3370"}],"wp:attachment":[{"href":"https:\/\/proruralgalicia.org\/gl\/wp-json\/wp\/v2\/media?parent=3369"}],"wp:term":[{"taxonomy":"category","embeddable":true,"href":"https:\/\/proruralgalicia.org\/gl\/wp-json\/wp\/v2\/categories?post=3369"},{"taxonomy":"post_tag","embeddable":true,"href":"https:\/\/proruralgalicia.org\/gl\/wp-json\/wp\/v2\/tags?post=3369"}],"curies":[{"name":"wp","href":"https:\/\/api.w.org\/{rel}","templated":true}]}}