{"id":3394,"date":"2025-05-13T14:26:59","date_gmt":"2025-05-13T12:26:59","guid":{"rendered":"https:\/\/proruralgalicia.org\/?p=3394"},"modified":"2025-05-14T14:24:28","modified_gmt":"2025-05-14T12:24:28","slug":"amplia-representacion-de-prorural-galicia-en-o-encontro-de-sober","status":"publish","type":"post","link":"https:\/\/proruralgalicia.org\/gl\/amplia-representacion-de-prorural-galicia-en-o-encontro-de-sober\/","title":{"rendered":"Amplia representaci\u00f3n de ProRural Galicia en O Encontro de Sober"},"content":{"rendered":"<p>Amplia representaci\u00f3n de ProRural Galicia en O Encontro de Sober en el que participaron los Directivos de Prorural Galicia: presidente Jos\u00e9 Mar\u00eda L\u00f3pez Bourio, vicepresidente Juan L. V\u00e1zquez, CEO de Tourgalia, y vocal Hugo Criado, CEO de Medrar Innovation Office.<\/p><p>Los directivos de Prorural participaron en la Mesa redonda dedicada al sector vitivin\u00edcola y en la Mesa dedicada al sector l\u00e1cteo donde se aportaron ideas y soluciones sobre la integraci\u00f3n Industria\/Rural, las cadenas de distribuci\u00f3n comercial, los gustos de los consumidores, los nuevos mercados y las estrategias para atraer a un p\u00fablico que cada d\u00eda cuenta con una mayor formaci\u00f3n alimentaria y gastron\u00f3mica y demanda productos de mayor calidad, en los debates se constat\u00f3 el excelente posicionamiento de las empresas gallegas, su presencia en ferias y exposiciones ganando mas cuota de mercado en base a la buena calidad e imagen.<\/p>","protected":false},"excerpt":{"rendered":"<p>Amplia representaci\u00f3n de ProRural Galicia en O Encontro de Sober en el que participaron los Directivos de Prorural Galicia: presidente Jos\u00e9 Mar\u00eda L\u00f3pez Bourio, vicepresidente Juan L. V\u00e1zquez, CEO de Tourgalia, y vocal Hugo Criado, CEO de Medrar Innovation Office. Los directivos de Prorural participaron en la Mesa redonda dedicada al sector vitivin\u00edcola y en&#8230;<\/p>","protected":false},"author":2,"featured_media":3395,"comment_status":"closed","ping_status":"open","sticky":false,"template":"","format":"standard","meta":{"_acf_changed":false,"inline_featured_image":false,"footnotes":""},"categories":[1],"tags":[],"class_list":["post-3394","post","type-post","status-publish","format-standard","has-post-thumbnail","hentry","category-sin-categoria"],"acf":[],"_links":{"self":[{"href":"https:\/\/proruralgalicia.org\/gl\/wp-json\/wp\/v2\/posts\/3394","targetHints":{"allow":["GET"]}}],"collection":[{"href":"https:\/\/proruralgalicia.org\/gl\/wp-json\/wp\/v2\/posts"}],"about":[{"href":"https:\/\/proruralgalicia.org\/gl\/wp-json\/wp\/v2\/types\/post"}],"author":[{"embeddable":true,"href":"https:\/\/proruralgalicia.org\/gl\/wp-json\/wp\/v2\/users\/2"}],"replies":[{"embeddable":true,"href":"https:\/\/proruralgalicia.org\/gl\/wp-json\/wp\/v2\/comments?post=3394"}],"version-history":[{"count":2,"href":"https:\/\/proruralgalicia.org\/gl\/wp-json\/wp\/v2\/posts\/3394\/revisions"}],"predecessor-version":[{"id":3402,"href":"https:\/\/proruralgalicia.org\/gl\/wp-json\/wp\/v2\/posts\/3394\/revisions\/3402"}],"wp:featuredmedia":[{"embeddable":true,"href":"https:\/\/proruralgalicia.org\/gl\/wp-json\/wp\/v2\/media\/3395"}],"wp:attachment":[{"href":"https:\/\/proruralgalicia.org\/gl\/wp-json\/wp\/v2\/media?parent=3394"}],"wp:term":[{"taxonomy":"category","embeddable":true,"href":"https:\/\/proruralgalicia.org\/gl\/wp-json\/wp\/v2\/categories?post=3394"},{"taxonomy":"post_tag","embeddable":true,"href":"https:\/\/proruralgalicia.org\/gl\/wp-json\/wp\/v2\/tags?post=3394"}],"curies":[{"name":"wp","href":"https:\/\/api.w.org\/{rel}","templated":true}]}}