{"id":3405,"date":"2025-05-14T20:10:15","date_gmt":"2025-05-14T18:10:15","guid":{"rendered":"https:\/\/proruralgalicia.org\/?p=3405"},"modified":"2025-05-14T20:11:59","modified_gmt":"2025-05-14T18:11:59","slug":"aldealista-finalista-en-la-impact-social-cup","status":"publish","type":"post","link":"https:\/\/proruralgalicia.org\/gl\/aldealista-finalista-en-la-impact-social-cup\/","title":{"rendered":"Aldealista, finalista en la Impact Social Cup"},"content":{"rendered":"<p><\/p><p><\/p><p><em>El proyecto de Juan Carlos Perez, vicepresidente de Prorural, consigue pasar a la final en la categor\u00eda Desarrollo Econ\u00f3mico y Reducci\u00f3n de Desigualdades, y compite por premios de hasta 40.000 euros<\/em><\/p><p>El proyecto gallego <a href=\"https:\/\/www.laregion.es\/trives\/ourensana-aldealista-elegida-mejor-startup-espana_1_20240502-2446681.html\">Aldealista<\/a>, nacido en <strong>San Xo\u00e1n de R\u00edo<\/strong>, impulsado por Grupo Rural Manager SL, ha sido seleccionado entre m\u00e1s de 1.000 candidaturas como uno de los <strong>48 finalistas nacionales de la Impact Social Cup<\/strong>, certamen que premia a las startups con mayor impacto social en Espa\u00f1a.<\/p><p>Destaca en la categor\u00eda de <strong>Desarrollo Econ\u00f3mico y Reducci\u00f3n de Desigualdades<\/strong>, junto a iniciativas respaldadas por entidades como Santander Digital Services, Ilunion o Iberdrola.<\/p><p>Aldealista nace de la mano de <strong>Juan Carlos P\u00e9rez, <\/strong>en una aldea cerrada durante diez a\u00f1os y ofrece <strong>soluciones reales a la despoblaci\u00f3n<\/strong>, rehabilitando viviendas y atrayendo nuevos vecinos al rural. Esta ya ha sido reconocida como mejor empresa de impacto social en MadBlue 2024 y ganadora del premio Que Vivan los Pueblos. <strong>Ahora compite por premios de hasta 40.000 euros<\/strong>.<\/p><p>Fuente: <a href=\"https:\/\/www.laregion.es\/san-xoan-de-rio\/aldealista-finalista-impact-social-cup_1_20250514-3526600.html\" data-type=\"link\" data-id=\"https:\/\/www.laregion.es\/san-xoan-de-rio\/aldealista-finalista-impact-social-cup_1_20250514-3526600.html\" target=\"_blank\" rel=\"noreferrer noopener\">La Regi\u00f3n<\/a><\/p>","protected":false},"excerpt":{"rendered":"<p>El proyecto de Juan Carlos Perez, vicepresidente de Prorural, consigue pasar a la final en la categor\u00eda Desarrollo Econ\u00f3mico y Reducci\u00f3n de Desigualdades, y compite por premios de hasta 40.000 euros El proyecto gallego Aldealista, nacido en San Xo\u00e1n de R\u00edo, impulsado por Grupo Rural Manager SL, ha sido seleccionado entre m\u00e1s de 1.000 candidaturas&#8230;<\/p>","protected":false},"author":2,"featured_media":3406,"comment_status":"closed","ping_status":"open","sticky":false,"template":"","format":"standard","meta":{"_acf_changed":false,"inline_featured_image":false,"footnotes":""},"categories":[1],"tags":[],"class_list":["post-3405","post","type-post","status-publish","format-standard","has-post-thumbnail","hentry","category-sin-categoria"],"acf":[],"_links":{"self":[{"href":"https:\/\/proruralgalicia.org\/gl\/wp-json\/wp\/v2\/posts\/3405","targetHints":{"allow":["GET"]}}],"collection":[{"href":"https:\/\/proruralgalicia.org\/gl\/wp-json\/wp\/v2\/posts"}],"about":[{"href":"https:\/\/proruralgalicia.org\/gl\/wp-json\/wp\/v2\/types\/post"}],"author":[{"embeddable":true,"href":"https:\/\/proruralgalicia.org\/gl\/wp-json\/wp\/v2\/users\/2"}],"replies":[{"embeddable":true,"href":"https:\/\/proruralgalicia.org\/gl\/wp-json\/wp\/v2\/comments?post=3405"}],"version-history":[{"count":2,"href":"https:\/\/proruralgalicia.org\/gl\/wp-json\/wp\/v2\/posts\/3405\/revisions"}],"predecessor-version":[{"id":3408,"href":"https:\/\/proruralgalicia.org\/gl\/wp-json\/wp\/v2\/posts\/3405\/revisions\/3408"}],"wp:featuredmedia":[{"embeddable":true,"href":"https:\/\/proruralgalicia.org\/gl\/wp-json\/wp\/v2\/media\/3406"}],"wp:attachment":[{"href":"https:\/\/proruralgalicia.org\/gl\/wp-json\/wp\/v2\/media?parent=3405"}],"wp:term":[{"taxonomy":"category","embeddable":true,"href":"https:\/\/proruralgalicia.org\/gl\/wp-json\/wp\/v2\/categories?post=3405"},{"taxonomy":"post_tag","embeddable":true,"href":"https:\/\/proruralgalicia.org\/gl\/wp-json\/wp\/v2\/tags?post=3405"}],"curies":[{"name":"wp","href":"https:\/\/api.w.org\/{rel}","templated":true}]}}