{"id":3410,"date":"2025-06-16T18:24:18","date_gmt":"2025-06-16T16:24:18","guid":{"rendered":"https:\/\/proruralgalicia.org\/?p=3410"},"modified":"2025-06-16T18:25:56","modified_gmt":"2025-06-16T16:25:56","slug":"4o-encuentro-en-torno-al-vino-en-montefurado","status":"publish","type":"post","link":"https:\/\/proruralgalicia.org\/gl\/4o-encuentro-en-torno-al-vino-en-montefurado\/","title":{"rendered":"4\u00ba ENCUENTRO EN TORNO AL VINO, en Montefurado"},"content":{"rendered":"<p>Maravilloso ENCUENTRO EN TORNO AL VINO \ud83c\udf77 QUIROGA<br><br>Con grandes profesionales y excelentes amigos. \u2764\ufe0f<br><br>Los directivos de <a href=\"https:\/\/www.linkedin.com\/company\/prorural-galicia\/\"><strong>Prorural Galicia<\/strong><\/a> no paramos quietos.<br><br>@lacataora <a href=\"https:\/\/www.linkedin.com\/search\/results\/all\/?keywords=%23monicaroson&amp;origin=HASH_TAG_FROM_FEED\"><strong>#MonicaRoson<\/strong><\/a> la excelencia, la elegancia y la belleza <a href=\"https:\/\/www.linkedin.com\/in\/juan-l-v%C3%A1zquez-5482b7a9\/\"><strong>Juan L. V\u00e1zquez<\/strong><\/a> el trabajo bien hecho &#8211; aqu\u00ed en los vi\u00f1edos de <a href=\"https:\/\/www.linkedin.com\/company\/casadeouteiro\/\"><strong>Casa de Outeiro<\/strong><\/a> con <a href=\"https:\/\/www.linkedin.com\/in\/jos%C3%A9-mar%C3%ADa-l%C3%B3pez-bourio-91395a22\/\"><strong>Jos\u00e9 Mar\u00eda L\u00f3pez Bourio<\/strong><\/a> de <a href=\"https:\/\/www.linkedin.com\/company\/sabor-rural-galicia\/?lipi=urn%3Ali%3Apage%3Ad_flagship3_detail_base%3BQqf3OvQuRFKLY2ErMALRqg%3D%3D\"><strong>SABOR RURAL GALICIA<\/strong><\/a><br><br>Disfrutando del vino y de la vida. \ud83d\udcaf<br><br>Conociendo de donde salen las joyas del vino, fruto\u00a0del duro trabajo, las vides, la casa que un d\u00eda ser\u00e1 un hotel de lujo para enoturismo. \ud83e\udd70<br><br>Gracias a Quiroga en Marcha.<br><br>Gracias amigos y \u00a1viva el vino!<\/p><figure class=\"wp-block-image size-large\"><img fetchpriority=\"high\" decoding=\"async\" width=\"1024\" height=\"683\" src=\"data:image\/png;base64,iVBORw0KGgoAAAANSUhEUgAAAAEAAAABAQMAAAAl21bKAAAAA1BMVEUAAP+KeNJXAAAAAXRSTlMAQObYZgAAAAlwSFlzAAAOxAAADsQBlSsOGwAAAApJREFUCNdjYAAAAAIAAeIhvDMAAAAASUVORK5CYII=\" alt=\"\" class=\"wp-image-3413 cmsmasters_img cmsmasters-lazyload lazyload\" data-sizes=\"(max-width: 1024px) 100vw, 1024px\" data-src=\"https:\/\/proruralgalicia.org\/wp-content\/uploads\/2025\/06\/ENCUENTRO-JUAN-L-MONICA-Y-YO-JUNIO-25-1024x683.jpg\" data-srcset=\"https:\/\/proruralgalicia.org\/wp-content\/uploads\/2025\/06\/ENCUENTRO-JUAN-L-MONICA-Y-YO-JUNIO-25-1024x683.jpg 1024w, https:\/\/proruralgalicia.org\/wp-content\/uploads\/2025\/06\/ENCUENTRO-JUAN-L-MONICA-Y-YO-JUNIO-25-300x200.jpg 300w, https:\/\/proruralgalicia.org\/wp-content\/uploads\/2025\/06\/ENCUENTRO-JUAN-L-MONICA-Y-YO-JUNIO-25-768x512.jpg 768w, https:\/\/proruralgalicia.org\/wp-content\/uploads\/2025\/06\/ENCUENTRO-JUAN-L-MONICA-Y-YO-JUNIO-25-18x12.jpg 18w, https:\/\/proruralgalicia.org\/wp-content\/uploads\/2025\/06\/ENCUENTRO-JUAN-L-MONICA-Y-YO-JUNIO-25-450x300.jpg 450w, https:\/\/proruralgalicia.org\/wp-content\/uploads\/2025\/06\/ENCUENTRO-JUAN-L-MONICA-Y-YO-JUNIO-25-600x400.jpg 600w, https:\/\/proruralgalicia.org\/wp-content\/uploads\/2025\/06\/ENCUENTRO-JUAN-L-MONICA-Y-YO-JUNIO-25-30x20.jpg 30w, https:\/\/proruralgalicia.org\/wp-content\/uploads\/2025\/06\/ENCUENTRO-JUAN-L-MONICA-Y-YO-JUNIO-25-15x10.jpg 15w, https:\/\/proruralgalicia.org\/wp-content\/uploads\/2025\/06\/ENCUENTRO-JUAN-L-MONICA-Y-YO-JUNIO-25.jpg 1200w\"><\/figure><p><\/p>","protected":false},"excerpt":{"rendered":"<p>Maravilloso ENCUENTRO EN TORNO AL VINO \ud83c\udf77 QUIROGA Con grandes profesionales y excelentes amigos. \u2764\ufe0f Los directivos de Prorural Galicia no paramos quietos. @lacataora #MonicaRoson la excelencia, la elegancia y la belleza Juan L. V\u00e1zquez el trabajo bien hecho &#8211; aqu\u00ed en los vi\u00f1edos de Casa de Outeiro con Jos\u00e9 Mar\u00eda L\u00f3pez Bourio de SABOR&#8230;<\/p>","protected":false},"author":2,"featured_media":3411,"comment_status":"closed","ping_status":"open","sticky":false,"template":"","format":"standard","meta":{"_acf_changed":false,"inline_featured_image":false,"footnotes":""},"categories":[1],"tags":[],"class_list":["post-3410","post","type-post","status-publish","format-standard","has-post-thumbnail","hentry","category-sin-categoria"],"acf":[],"_links":{"self":[{"href":"https:\/\/proruralgalicia.org\/gl\/wp-json\/wp\/v2\/posts\/3410","targetHints":{"allow":["GET"]}}],"collection":[{"href":"https:\/\/proruralgalicia.org\/gl\/wp-json\/wp\/v2\/posts"}],"about":[{"href":"https:\/\/proruralgalicia.org\/gl\/wp-json\/wp\/v2\/types\/post"}],"author":[{"embeddable":true,"href":"https:\/\/proruralgalicia.org\/gl\/wp-json\/wp\/v2\/users\/2"}],"replies":[{"embeddable":true,"href":"https:\/\/proruralgalicia.org\/gl\/wp-json\/wp\/v2\/comments?post=3410"}],"version-history":[{"count":2,"href":"https:\/\/proruralgalicia.org\/gl\/wp-json\/wp\/v2\/posts\/3410\/revisions"}],"predecessor-version":[{"id":3414,"href":"https:\/\/proruralgalicia.org\/gl\/wp-json\/wp\/v2\/posts\/3410\/revisions\/3414"}],"wp:featuredmedia":[{"embeddable":true,"href":"https:\/\/proruralgalicia.org\/gl\/wp-json\/wp\/v2\/media\/3411"}],"wp:attachment":[{"href":"https:\/\/proruralgalicia.org\/gl\/wp-json\/wp\/v2\/media?parent=3410"}],"wp:term":[{"taxonomy":"category","embeddable":true,"href":"https:\/\/proruralgalicia.org\/gl\/wp-json\/wp\/v2\/categories?post=3410"},{"taxonomy":"post_tag","embeddable":true,"href":"https:\/\/proruralgalicia.org\/gl\/wp-json\/wp\/v2\/tags?post=3410"}],"curies":[{"name":"wp","href":"https:\/\/api.w.org\/{rel}","templated":true}]}}