{"id":3417,"date":"2025-08-19T13:41:37","date_gmt":"2025-08-19T11:41:37","guid":{"rendered":"https:\/\/proruralgalicia.org\/?p=3417"},"modified":"2025-08-19T13:41:38","modified_gmt":"2025-08-19T11:41:38","slug":"espana-un-estado-quemado","status":"publish","type":"post","link":"https:\/\/proruralgalicia.org\/gl\/espana-un-estado-quemado\/","title":{"rendered":"ESPA\u00d1A: \u201cUN ESTADO QUEMADO\u201d"},"content":{"rendered":"<p>El Consejo de Ministros del 10 de Junio aprob\u00f3 el Plan de Actuaciones de Prevenci\u00f3n y Lucha contra los Incendios Forestales con una inversi\u00f3n de 115,8 M\u20ac y seg\u00fan la portavoz del Gobierno se trata de,- \u201cuna inversi\u00f3n sin precedentes\u201d, &#8211; obviando el peque\u00f1o detalle de que se destinaran 70,3 M\u20ac a limpieza de m\u00e1rgenes de carreteras y 45,5 M\u20ac a la limpieza de la red ferroviaria, es decir &#8211; lo comido por lo servido. El Gobierno tiene un presupuesto que limpiar\u00e1 las cunetas de nuestra carreteras y las v\u00edas del tren, lo dem\u00e1s all\u00e1 las CCAA con sus presupuestos, ya que la prevenci\u00f3n de incendios es una materia transferida.<\/p><p>Apenas dos meses despues Espa\u00f1a arde, no hay medios suficientes pese al esfuerzo de las administraciones auton\u00f3micas, al despliegue de la UME, a los brigadistas forestales, y a los muchos ciudadanos que defienden sus montes y casas frente al fuego que todo lo devora, &#8211; al presidente del Gobierno en su fugaz visita a Galicia,- la \u00fanica a la Pen\u00ednsula desde su retiro dorado vacacional, &#8211; solo se le ocurre para dar aliento a la poblaci\u00f3n, el recurrente argumento de ofrecer un Pacto por el impacto del cambio clim\u00e1tico.<\/p><p>Los ciudadanos estamos hartos de las \u201chomil\u00edas\u201d- que nada aportan, &#8211; en cada tragedia un verdadero cuento,- sin nada de fondo, &#8211; si le piden que acuda el Ejercito y que se declare el nivel 3 de Emergencia, &#8211; no responde y salen en tromba toda su corte de bufones a decir y jurar por Jaimito, que \u201cse han enviado todos los medios necesarios y repiten una y otra vez- \u201ctodos, todos\u201d, y mientras tanto arde Espa\u00f1a, arde Galicia.<\/p><p>Aqu\u00ed la Xunta de Galicia, est\u00e1 haciendo lo que puede, aunque se puede hacer m\u00e1s, pues parece que no han aprendido lo necesario de la dura lecci\u00f3n previa, y es que el Gobierno del PP que es un gobierno experimentado en los muchos a\u00f1os de lucha contra los incendios, y me remito a los m\u00e1s recientes de O Courel de 2022 y solo tres a\u00f1os despues volvemos a las andadas, aunque se est\u00e1n esforzando mucho, algo falla.<\/p><p>Digo en el titular,- \u201cEspa\u00f1a, un Estado quemado\u201d, pues la sensaci\u00f3n es de que no existe el Estado, que como tal \u2013 que deber\u00eda de atender a las obligaciones en estas cat\u00e1strofes en todo el pa\u00eds y no hacer dejaci\u00f3n de funciones ampar\u00e1ndose en que son las CCAA las que tiene competencias y que el Gobierno de la naci\u00f3n, \u201cenv\u00eda todos, todos sus medios\u201d- cuando la realidad es que entre el regate cortoplacista y los mensajes partidistas envenenados, &#8211; son los ciudadanos quienes sufren y asisten inanes al dantesco espect\u00e1culo del infierno de un Estado en llamas y sin coordinaci\u00f3n ni solidaridad interterritorial.<\/p><p>Para que en el futuro esto no se repita, no se trata solo de limpiar en invierno, &#8211; que es necesario,- hay que afrontar la problem\u00e1tica del monte comunal, que si no genera recursos a la comunidad esta se desentiende,- es preciso que en cada Concello exista un taller de empleo dedicado a la conservaci\u00f3n de la naturaleza del medio rural, ense\u00f1ar y aprender t\u00e9cnicas de mantenimiento, prevenci\u00f3n y de apagado de incendios, &#8211; en la EPS de Lugo debe de crearse una catedra y un Master Especializado en esas materias y no regatear presupuestos para todo ello, &#8211; pues no es compatible el mensaje pol\u00edtico de apoyo al Medio Rural, o como afrontar el Reto Demogr\u00e1fico, o la fijaci\u00f3n de poblaci\u00f3n en nuestras comunidades rurales cuando toda Galicia y media Espa\u00f1a arde, ah\u00ed es donde se echa de falta al Estado.<\/p><p class=\"has-text-align-right\">JOSE MARIA LOPEZ BOURIO<br>PRESIDENTE DE LA ASOCIACION PRORURAL GALICIA<\/p>","protected":false},"excerpt":{"rendered":"<p>El Consejo de Ministros del 10 de Junio aprob\u00f3 el Plan de Actuaciones de Prevenci\u00f3n y Lucha contra los Incendios Forestales con una inversi\u00f3n de 115,8 M\u20ac y seg\u00fan la portavoz del Gobierno se trata de,- \u201cuna inversi\u00f3n sin precedentes\u201d, &#8211; obviando el peque\u00f1o detalle de que se destinaran 70,3 M\u20ac a limpieza de m\u00e1rgenes&#8230;<\/p>","protected":false},"author":2,"featured_media":3419,"comment_status":"closed","ping_status":"open","sticky":false,"template":"","format":"standard","meta":{"_acf_changed":false,"inline_featured_image":false,"footnotes":""},"categories":[1],"tags":[],"class_list":["post-3417","post","type-post","status-publish","format-standard","has-post-thumbnail","hentry","category-sin-categoria"],"acf":[],"_links":{"self":[{"href":"https:\/\/proruralgalicia.org\/gl\/wp-json\/wp\/v2\/posts\/3417","targetHints":{"allow":["GET"]}}],"collection":[{"href":"https:\/\/proruralgalicia.org\/gl\/wp-json\/wp\/v2\/posts"}],"about":[{"href":"https:\/\/proruralgalicia.org\/gl\/wp-json\/wp\/v2\/types\/post"}],"author":[{"embeddable":true,"href":"https:\/\/proruralgalicia.org\/gl\/wp-json\/wp\/v2\/users\/2"}],"replies":[{"embeddable":true,"href":"https:\/\/proruralgalicia.org\/gl\/wp-json\/wp\/v2\/comments?post=3417"}],"version-history":[{"count":1,"href":"https:\/\/proruralgalicia.org\/gl\/wp-json\/wp\/v2\/posts\/3417\/revisions"}],"predecessor-version":[{"id":3420,"href":"https:\/\/proruralgalicia.org\/gl\/wp-json\/wp\/v2\/posts\/3417\/revisions\/3420"}],"wp:featuredmedia":[{"embeddable":true,"href":"https:\/\/proruralgalicia.org\/gl\/wp-json\/wp\/v2\/media\/3419"}],"wp:attachment":[{"href":"https:\/\/proruralgalicia.org\/gl\/wp-json\/wp\/v2\/media?parent=3417"}],"wp:term":[{"taxonomy":"category","embeddable":true,"href":"https:\/\/proruralgalicia.org\/gl\/wp-json\/wp\/v2\/categories?post=3417"},{"taxonomy":"post_tag","embeddable":true,"href":"https:\/\/proruralgalicia.org\/gl\/wp-json\/wp\/v2\/tags?post=3417"}],"curies":[{"name":"wp","href":"https:\/\/api.w.org\/{rel}","templated":true}]}}