{"id":3435,"date":"2025-10-08T14:26:12","date_gmt":"2025-10-08T12:26:12","guid":{"rendered":"https:\/\/proruralgalicia.org\/?p=3435"},"modified":"2025-10-08T14:29:12","modified_gmt":"2025-10-08T12:29:12","slug":"agenda-del-foro-ejecutivo-internacional-corredor-galicia-asia-2025-que-se-celebrara-el-10-de-octubre","status":"publish","type":"post","link":"https:\/\/proruralgalicia.org\/gl\/agenda-del-foro-ejecutivo-internacional-corredor-galicia-asia-2025-que-se-celebrara-el-10-de-octubre\/","title":{"rendered":"Agenda del foro ejecutivo internacional \u201cCorredor Galicia &amp; Asia 2025\u201d, que se celebrar\u00e1 el 10 de octubre"},"content":{"rendered":"<p>La ciudad de Lugo ser\u00e1 el epicentro del di\u00e1logo empresarial y estrat\u00e9gico entre Galicia y Asia con la celebraci\u00f3n del <strong>Foro Ejecutivo \u201cCorredor Galicia &amp; Asia 2025\u201d<\/strong>, que tendr\u00e1 lugar los d\u00edas <strong>9 y 10 de octubre de 2025<\/strong>.<\/p><p class=\"has-text-align-center\"><a href=\"https:\/\/proruralgalicia.org\/wp-content\/uploads\/2025\/09\/Agenda-Forum-Lugo_Sinergias-de-Mesas-de-trabajo_10_10_2025.pdf\" data-type=\"link\" data-id=\"https:\/\/proruralgalicia.org\/wp-content\/uploads\/2025\/09\/Agenda-Forum-Lugo_Sinergias-de-Mesas-de-trabajo_10_10_2025.pdf\" target=\"_blank\" rel=\"noreferrer noopener\">Descargar agenda (PDF)<\/a><\/p><p>Este foro se centra en <strong>TRES OBJETIVOS, la salud, la alimentaci\u00f3n y el envejecimiento,<\/strong> con presencia de empresas e investigadores en sectores como la innovaci\u00f3n, la salud, la sostenibilidad, el bienestar social y el desarrollo territorial.<\/p><p>El encuentro, promovido por la <strong>Asociaci\u00f3n Asia-China para la Cooperaci\u00f3n y el Desarrollo Internacional (AACCDI)<\/strong> y organizado por <strong>PRORURAL GALICIA<\/strong>, cuenta con la colaboraci\u00f3n de la <strong>Confederaci\u00f3n de Empresarios de Lugo (CEL)<\/strong> y el <strong>Campus Terra de la Universidade de Santiago de Compostela (USC)<\/strong>, as\u00ed como con el apoyo institucional de la <strong>Diputaci\u00f3n Provincial de Lugo<\/strong>, el <strong>Concello de Lugo<\/strong> y la <strong>Xunta de Galicia<\/strong>.<\/p><p>La agenda incluye una <strong>primera jornada institucional y cultural<\/strong> el 9 de octubre, con la recepci\u00f3n oficial a la delegaci\u00f3n asi\u00e1tica y visitas al Concello y la Diputaci\u00f3n, adem\u00e1s de un recorrido patrimonial por el casco hist\u00f3rico de Lugo, declarado Patrimonio Mundial por la UNESCO.<\/p><h3 class=\"wp-block-heading\">Un puente estrat\u00e9gico entre Galicia y Asia<\/h3><p>El programa del foro tiene como objetivo <strong>reforzar la cooperaci\u00f3n institucional, empresarial y acad\u00e9mica entre Galicia y Asia<\/strong>, impulsando nuevas oportunidades en sectores como la innovaci\u00f3n, la salud, la sostenibilidad, el bienestar social y el desarrollo territorial.<\/p><p>El <strong>10 de octubre<\/strong> se desarrollar\u00e1 el <strong>Foro Ejecutivo<\/strong> en el <strong>Campus Terra de la USC<\/strong>, con bloques de trabajo que incluyen:<\/p><ul class=\"wp-block-list\"><li><strong>Presentaciones institucionales<\/strong> y marco de cooperaci\u00f3n Galicia\u2013Asia.<\/li>\n\n<li><strong>Ponencias estrat\u00e9gicas<\/strong> de l\u00edderes asi\u00e1ticos como el <strong>Sr. Yan Qunchao (GDARA)<\/strong> y la <strong>Dra. Yang Kun (AIMA)<\/strong>.<\/li>\n\n<li><strong>Panel de oportunidades gallegas<\/strong>, donde empresas locales presentar\u00e1n sus propuestas de valor a la delegaci\u00f3n asi\u00e1tica.<\/li>\n\n<li><strong>Mesas tem\u00e1ticas de networking dirigido<\/strong>, orientadas a generar proyectos piloto, acuerdos marco y colaboraciones concretas.<\/li>\n\n<li><strong>Clausura ejecutiva<\/strong>, con la presentaci\u00f3n de la <strong>Hoja de Ruta Estrat\u00e9gica 2025\u20132026<\/strong> y el anuncio de futuros acuerdos de cooperaci\u00f3n.<\/li><\/ul><h3 class=\"wp-block-heading\">Lugo, punto de encuentro global<\/h3><p>Este evento internacional sit\u00faa a Lugo como un <strong>punto de encuentro global para el intercambio empresarial y la cooperaci\u00f3n internacional<\/strong>, reforzando su papel en la internacionalizaci\u00f3n del tejido econ\u00f3mico gallego y proyectando a Galicia como socio estrat\u00e9gico en Asia.<\/p>","protected":false},"excerpt":{"rendered":"<p>La ciudad de Lugo ser\u00e1 el epicentro del di\u00e1logo empresarial y estrat\u00e9gico entre Galicia y Asia con la celebraci\u00f3n del Foro Ejecutivo \u201cCorredor Galicia &amp; Asia 2025\u201d, que tendr\u00e1 lugar los d\u00edas 9 y 10 de octubre de 2025. Descargar agenda (PDF) Este foro se centra en TRES OBJETIVOS, la salud, la alimentaci\u00f3n y el&#8230;<\/p>","protected":false},"author":2,"featured_media":3437,"comment_status":"closed","ping_status":"open","sticky":false,"template":"","format":"standard","meta":{"_acf_changed":false,"inline_featured_image":false,"footnotes":""},"categories":[1],"tags":[],"class_list":["post-3435","post","type-post","status-publish","format-standard","has-post-thumbnail","hentry","category-sin-categoria"],"acf":[],"_links":{"self":[{"href":"https:\/\/proruralgalicia.org\/gl\/wp-json\/wp\/v2\/posts\/3435","targetHints":{"allow":["GET"]}}],"collection":[{"href":"https:\/\/proruralgalicia.org\/gl\/wp-json\/wp\/v2\/posts"}],"about":[{"href":"https:\/\/proruralgalicia.org\/gl\/wp-json\/wp\/v2\/types\/post"}],"author":[{"embeddable":true,"href":"https:\/\/proruralgalicia.org\/gl\/wp-json\/wp\/v2\/users\/2"}],"replies":[{"embeddable":true,"href":"https:\/\/proruralgalicia.org\/gl\/wp-json\/wp\/v2\/comments?post=3435"}],"version-history":[{"count":2,"href":"https:\/\/proruralgalicia.org\/gl\/wp-json\/wp\/v2\/posts\/3435\/revisions"}],"predecessor-version":[{"id":3443,"href":"https:\/\/proruralgalicia.org\/gl\/wp-json\/wp\/v2\/posts\/3435\/revisions\/3443"}],"wp:featuredmedia":[{"embeddable":true,"href":"https:\/\/proruralgalicia.org\/gl\/wp-json\/wp\/v2\/media\/3437"}],"wp:attachment":[{"href":"https:\/\/proruralgalicia.org\/gl\/wp-json\/wp\/v2\/media?parent=3435"}],"wp:term":[{"taxonomy":"category","embeddable":true,"href":"https:\/\/proruralgalicia.org\/gl\/wp-json\/wp\/v2\/categories?post=3435"},{"taxonomy":"post_tag","embeddable":true,"href":"https:\/\/proruralgalicia.org\/gl\/wp-json\/wp\/v2\/tags?post=3435"}],"curies":[{"name":"wp","href":"https:\/\/api.w.org\/{rel}","templated":true}]}}