{"id":3445,"date":"2025-10-19T13:21:01","date_gmt":"2025-10-19T11:21:01","guid":{"rendered":"https:\/\/proruralgalicia.org\/?p=3445"},"modified":"2025-10-19T13:24:49","modified_gmt":"2025-10-19T11:24:49","slug":"gran-exito-del-foro-ejecutivo-internacional-corredor-galicia-asia-2025","status":"publish","type":"post","link":"https:\/\/proruralgalicia.org\/gl\/gran-exito-del-foro-ejecutivo-internacional-corredor-galicia-asia-2025\/","title":{"rendered":"Gran \u00e9xito del foro ejecutivo internacional \u201cCorredor Galicia &amp; Asia 2025\u201d"},"content":{"rendered":"<p>Rematado con gran \u00e9xito el <strong>FORO CHINA JAPON- GALICIA<\/strong> del 10 de Octubre con la inestimable cooperaci\u00f3n del <strong>CAMPUS TERRA<\/strong>&#8211; en el que <strong>Prorural<\/strong> ha asumido la Organizaci\u00f3n colaborando con la <strong>Confederaci\u00f3n de Empresarios- CEL<\/strong>. Deseamos trasladar a todos los participantes empresariales, a los investigadores y responsables del CAMPUS TERRA &nbsp;y a la presentadora y coordinadora de las Mesas de Trabajo- <strong>MAR CASTRO<\/strong>, nuestro agradecimiento personal por vuestra intervenci\u00f3n en las Mesas de Trabajo, que han funcionado muy bien reflejando la situaci\u00f3n, expectativas, oferta, demanda, de las empresas gallegas, a los investigadores del Campus interactuando con la Delegaci\u00f3n China Jap\u00f3n con una excelente interlocuci\u00f3n y que <strong>han abierto posibilidades reales de colaboraci\u00f3n en las que nos ponemos a trabajar desde ahora. \u00a1GRACIAS!<\/strong><\/p><p class=\"has-text-align-center\"><a href=\"https:\/\/proruralgalicia.org\/wp-content\/uploads\/2025\/10\/100.-Como-experto-en-comercio-internacional-analiza-l.pdf\" data-type=\"link\" data-id=\"https:\/\/proruralgalicia.org\/wp-content\/uploads\/2025\/10\/100.-Como-experto-en-comercio-internacional-analiza-l.pdf\" target=\"_blank\" rel=\"noreferrer noopener\">Descargar check list resumida de las propuestas, acciones y factores clave para cada mesa de trabajo (PDF)<\/a><\/p><p>CAMPUS TERRA-ANFITRIONES VICERRECTOR- Y RESPONSABLE CAMPUS TERRA E INVESTIGADORES<br>INNOLACT- TECNICA GESTION PROYECTOS I+D+I<br>AMBS- LAB- CEO Y DIRECTORA PROYECTOS<br>SERGE- CEO<br>MEGAROFOODS- CEO<br>ATRYSHEALTH-CEO<br>NATURLEITE-DIRECTOR ASIA<br>EXPERIENCIAS DEL DESTINO- CEO<br>GRUPO RURAL MANAGER-ALDEALISTA -CEO &#8211; Y ALCALDE CONCELLO SAN XOAN DE RIO<br>ASOPORCEL- DIRECTOR GERENTE<br>TOURGALIA-CASA DE OUTEIRO- SOCIA FUNDADORA<br>MEDRAR SOLUTIONS-CEO<br>AGRONOVO- SOCIO CTO<\/p><p>La repercusi\u00f3n social, empresarial, universitaria en los Medios de Comunicaci\u00f3n ha sido muy importante, generando noticias de inter\u00e9s que para <strong>Prorural <\/strong>que nos llenan de orgullo al haber conseguido para <strong>LUGO<\/strong> este \u00e9xito que es de todos vosotros a los que reiteramos nuestro agradecimiento.<\/p><p><a href=\"https:\/\/www.elprogreso.es\/articulo\/lugo\/lugo-acoge-foro-empresarial-presentar-corredor-galicia-asia\/202510041949361912877.html\">https:\/\/www.elprogreso.es\/articulo\/lugo\/lugo-acoge-foro-empresarial-presentar-corredor-galicia-asia\/202510041949361912877.html<\/a><\/p><p><a href=\"https:\/\/deputacionlugo.gal\/gl\/node\/83430\">https:\/\/deputacionlugo.gal\/gl\/node\/83430<\/a><\/p><p><a href=\"https:\/\/www.cel.es\/es\/actualidad\/1065\/foro-corredor-galicia-asia-2025\">https:\/\/www.cel.es\/es\/actualidad\/1065\/foro-corredor-galicia-asia-2025<\/a><\/p><p><a href=\"https:\/\/deputacionlugo.gal\/es\/node\/83439\">https:\/\/deputacionlugo.gal\/es\/node\/83439<\/a><\/p><p><a href=\"https:\/\/aaccdilugo2030.eu\">https:\/\/aaccdilugo2030.eu<\/a><\/p><p><a href=\"https:\/\/www.elespanol.com\/treintayseis\/economia\/empresas\/20251013\/asia-interesa-rural-gallego-tinder-revitalizar-aldeas-alia-china-japon\/1003743967474_0.html\">https:\/\/www.elespanol.com\/treintayseis\/economia\/empresas\/20251013\/asia-interesa-rural-gallego-tinder-revitalizar-aldeas-alia-china-japon\/1003743967474_0.html<\/a><\/p><p><\/p>","protected":false},"excerpt":{"rendered":"<p>Rematado con gran \u00e9xito el FORO CHINA JAPON- GALICIA del 10 de Octubre con la inestimable cooperaci\u00f3n del CAMPUS TERRA&#8211; en el que Prorural ha asumido la Organizaci\u00f3n colaborando con la Confederaci\u00f3n de Empresarios- CEL. Deseamos trasladar a todos los participantes empresariales, a los investigadores y responsables del CAMPUS TERRA &nbsp;y a la presentadora y&#8230;<\/p>","protected":false},"author":2,"featured_media":3448,"comment_status":"closed","ping_status":"open","sticky":false,"template":"","format":"standard","meta":{"_acf_changed":false,"inline_featured_image":false,"footnotes":""},"categories":[1],"tags":[],"class_list":["post-3445","post","type-post","status-publish","format-standard","has-post-thumbnail","hentry","category-sin-categoria"],"acf":[],"_links":{"self":[{"href":"https:\/\/proruralgalicia.org\/gl\/wp-json\/wp\/v2\/posts\/3445","targetHints":{"allow":["GET"]}}],"collection":[{"href":"https:\/\/proruralgalicia.org\/gl\/wp-json\/wp\/v2\/posts"}],"about":[{"href":"https:\/\/proruralgalicia.org\/gl\/wp-json\/wp\/v2\/types\/post"}],"author":[{"embeddable":true,"href":"https:\/\/proruralgalicia.org\/gl\/wp-json\/wp\/v2\/users\/2"}],"replies":[{"embeddable":true,"href":"https:\/\/proruralgalicia.org\/gl\/wp-json\/wp\/v2\/comments?post=3445"}],"version-history":[{"count":3,"href":"https:\/\/proruralgalicia.org\/gl\/wp-json\/wp\/v2\/posts\/3445\/revisions"}],"predecessor-version":[{"id":3452,"href":"https:\/\/proruralgalicia.org\/gl\/wp-json\/wp\/v2\/posts\/3445\/revisions\/3452"}],"wp:featuredmedia":[{"embeddable":true,"href":"https:\/\/proruralgalicia.org\/gl\/wp-json\/wp\/v2\/media\/3448"}],"wp:attachment":[{"href":"https:\/\/proruralgalicia.org\/gl\/wp-json\/wp\/v2\/media?parent=3445"}],"wp:term":[{"taxonomy":"category","embeddable":true,"href":"https:\/\/proruralgalicia.org\/gl\/wp-json\/wp\/v2\/categories?post=3445"},{"taxonomy":"post_tag","embeddable":true,"href":"https:\/\/proruralgalicia.org\/gl\/wp-json\/wp\/v2\/tags?post=3445"}],"curies":[{"name":"wp","href":"https:\/\/api.w.org\/{rel}","templated":true}]}}