{"id":3540,"date":"2026-04-28T10:22:20","date_gmt":"2026-04-28T08:22:20","guid":{"rendered":"https:\/\/proruralgalicia.org\/?p=3540"},"modified":"2026-04-28T10:22:22","modified_gmt":"2026-04-28T08:22:22","slug":"las-instituciones-se-reunen-en-lugo-para-impulsar-el-pan-gallego","status":"publish","type":"post","link":"https:\/\/proruralgalicia.org\/gl\/las-instituciones-se-reunen-en-lugo-para-impulsar-el-pan-gallego\/","title":{"rendered":"Las instituciones se re\u00fanen en Lugo para impulsar el pan gallego"},"content":{"rendered":"<p>Una reuni\u00f3n en Lugo abord\u00f3 la puesta en valor y el impulso del pan gallego, que cuenta con una indicaci\u00f3n geogr\u00e1fica protegida propia. El objetivo de todas las instituciones que acudieron en el encuentro es contribuir al desarrollo del rural y reforzar la marca identitaria del alimento.<\/p><p>En el encuentro se puso en el foco la necesidad de reforzar y dinamizar el sello de calidad del pan gallego entre las propias panader\u00edas. Para todos es un paso clave para incrementar el n\u00famero de operadores adheridos y consolidar su presencia en el mercado. Consideran que el impulso inicial es fundamental para fortalecer el posicionamiento del producto y ampliar su alcance.<\/p><p>Desde esa l\u00ednea de trabajo, abordaron otras iniciativas complementarias. Entre ellas se encuentra la recuperaci\u00f3n del cereal aut\u00f3ctono gallego mediante a su implantaci\u00f3n en tierras abandonadas, la puesta en valor de las particularidades del pan segundo las distintas zonas geogr\u00e1ficas \u2013con el objetivo de avanzar de cara a la definici\u00f3n de subzonas\u2013 y nuevas acciones de promoci\u00f3n y divulgaci\u00f3n que contribuyan a reforzar el conocimiento y el consumo de este producto.<\/p><p>Adem\u00e1s, quieren dar un paso extra en cuanto a la red de comercializaci\u00f3n con la implicaci\u00f3n estrat\u00e9gica de los grandes agentes. La intenci\u00f3n es involucrar a la alta hosteler\u00eda y a los grandes grupos de distribuci\u00f3n regional, como Gadisa, Eroski o Froiz, con el objetivo de acabar estableci\u00e9ndose en el comercio global a trav\u00e9s de las compras online y las tiendas de productos gourmet.<\/p><p>Adem\u00e1s, trataron el relevo generacional mediante tres puntos: el impulso acad\u00e9mico, la transici\u00f3n profesional y formar en la maestr\u00eda artesana.<\/p><p>En la charla participaron el director de la Axencia Galega da Calidade Alimentaria, Mart\u00edn Alemparte; el delegado de la Xunta de Galicia en Lugo, Javier Airas; el presidente de la asociaci\u00f3n Prorural, Jos\u00e9 Mar\u00eda L\u00f3pez Bourio; el Secretario General de la Cel, Jaime L\u00f3pez; el Ceo de Agronovo Ecolox\u00eda, Rafael Rivadulla; el presidente de Afapan, C\u00e9sar Fieiras; el director general de Aresa, Jos\u00e9 Antonio Chor\u00e9n; y los representantes de la C\u00e1tedra del Pan y del Cereal de la USC Mar\u00eda \u00c1ngeles Romero, Santiago Pereira y Fernando Almeida-Garc\u00eda.<\/p><p>Fuente: <a href=\"https:\/\/www.elprogreso.es\/articulo\/lugo\/instituciones-reunen-lugo-impulsar-pan-gallego\/202604271915271965697.html\" data-type=\"link\" data-id=\"https:\/\/www.elprogreso.es\/articulo\/lugo\/instituciones-reunen-lugo-impulsar-pan-gallego\/202604271915271965697.html\" target=\"_blank\" rel=\"noreferrer noopener\">El Progreso<\/a><\/p>","protected":false},"excerpt":{"rendered":"<p>Una reuni\u00f3n en Lugo abord\u00f3 la puesta en valor y el impulso del pan gallego, que cuenta con una indicaci\u00f3n geogr\u00e1fica protegida propia. El objetivo de todas las instituciones que acudieron en el encuentro es contribuir al desarrollo del rural y reforzar la marca identitaria del alimento. En el encuentro se puso en el foco&#8230;<\/p>","protected":false},"author":2,"featured_media":3541,"comment_status":"closed","ping_status":"open","sticky":false,"template":"","format":"standard","meta":{"_acf_changed":false,"inline_featured_image":false,"footnotes":""},"categories":[1],"tags":[],"class_list":["post-3540","post","type-post","status-publish","format-standard","has-post-thumbnail","hentry","category-sin-categoria"],"acf":[],"_links":{"self":[{"href":"https:\/\/proruralgalicia.org\/gl\/wp-json\/wp\/v2\/posts\/3540","targetHints":{"allow":["GET"]}}],"collection":[{"href":"https:\/\/proruralgalicia.org\/gl\/wp-json\/wp\/v2\/posts"}],"about":[{"href":"https:\/\/proruralgalicia.org\/gl\/wp-json\/wp\/v2\/types\/post"}],"author":[{"embeddable":true,"href":"https:\/\/proruralgalicia.org\/gl\/wp-json\/wp\/v2\/users\/2"}],"replies":[{"embeddable":true,"href":"https:\/\/proruralgalicia.org\/gl\/wp-json\/wp\/v2\/comments?post=3540"}],"version-history":[{"count":1,"href":"https:\/\/proruralgalicia.org\/gl\/wp-json\/wp\/v2\/posts\/3540\/revisions"}],"predecessor-version":[{"id":3542,"href":"https:\/\/proruralgalicia.org\/gl\/wp-json\/wp\/v2\/posts\/3540\/revisions\/3542"}],"wp:featuredmedia":[{"embeddable":true,"href":"https:\/\/proruralgalicia.org\/gl\/wp-json\/wp\/v2\/media\/3541"}],"wp:attachment":[{"href":"https:\/\/proruralgalicia.org\/gl\/wp-json\/wp\/v2\/media?parent=3540"}],"wp:term":[{"taxonomy":"category","embeddable":true,"href":"https:\/\/proruralgalicia.org\/gl\/wp-json\/wp\/v2\/categories?post=3540"},{"taxonomy":"post_tag","embeddable":true,"href":"https:\/\/proruralgalicia.org\/gl\/wp-json\/wp\/v2\/tags?post=3540"}],"curies":[{"name":"wp","href":"https:\/\/api.w.org\/{rel}","templated":true}]}}